{"id":5566,"date":"2017-05-11T13:40:54","date_gmt":"2017-05-11T11:40:54","guid":{"rendered":"http:\/\/www.valderatoscana.it\/chiesa-santa-maria-assunta\/"},"modified":"2017-05-16T15:08:22","modified_gmt":"2017-05-16T13:08:22","slug":"chiesa-santa-maria-assunta","status":"publish","type":"post","link":"https:\/\/www.valderatoscana.it\/en\/chiesa-santa-maria-assunta\/","title":{"rendered":"Chiesa di Santa Maria Assunta"},"content":{"rendered":"<p>La chiesa di Santa Maria Assunta di <a href=\"http:\/\/www.valderatoscana.it\/casciana-terme-lari\/\">Casciana Terme<\/a>, risulta documentata dall&#8217;840, restaurata nel\u00a01553. \u00e8 stata pi\u00f9 volte trasformata, fino all&#8217;attuale assetto tardo ottocentesco. \u00c8 costituita da una navata centrale e due transetti laterali, uno a destra e uno a sinistra.<\/p>\n<h3 style=\"text-align: center;\">Descrizione<\/h3>\n<p>Nella cappella di destra accanto all&#8217;altare \u00e8 conservata una &#8220;<i>Madonna del Rosario<\/i>&#8221; attribuita a\u00a0Domenico Passignano. di quest&#8217;ultimo anche sei ritratti di donatori della famiglia\u00a0<b>Sancasciani<\/b>, che fa da cornice ad una tavoletta trecentesca con la &#8220;<i>Madonna con il Bambino<\/i>&#8220;, detta &#8220;<i>delle Grazie<\/i>&#8220;, attribuita al\u00a0Maestro di San Torp\u00e8, opere recentemente riportate al loro splendore originario da un restauro.<\/p>\n<p>Nella cappella di sinistra del SS. Sacramento \u00e8 conservata una statua lignea di Cristo risorgente, di ottima fattura moderna.<\/p>\n<p>Le finestre e il rosone absidale sono tutte istoriate con vetrate raffiguranti Santi e immagini sacre, di fattura recente. Sono moderni anche i quattro affreschi monocromi posti sul soffitto della navata centrale, che raffigurano gli evangelisti.<\/p>\n<p>Nella chiesa, \u00e8 conservato un antico fonte battesimale e alcune pietre e lastre marmoree con iscrizioni provenienti dalle fondazioni precedenti.<\/p>\n<p>Completa la chiesa un caratteristico e svettante campanile, eretto all&#8217;inizio del Novecento, dedicato ai caduti della prima guerra mondiale. A testimonianza di questa intitolazione la lapide marmorea sul retro del campanile, che, insieme ad altre lapidi dei caduti della seconda guerra mondiale e a un cippo celebrativo per tutti i cascianesi caduti, inserite in un piccolo giardino recintato, hanno formato un piccolo angolo devozionale. Il campanile fu inaugurato alla presenza del Re Vittorio Emanuele III.<\/p>\n","protected":false},"excerpt":{"rendered":"<p>La chiesa di Santa Maria Assunta di Casciana Terme, risulta documentata dall&#8217;840, restaurata nel\u00a01553. \u00e8 stata pi\u00f9 volte trasformata, fino all&#8217;attuale assetto tardo ottocentesco. \u00c8 costituita da una navata centrale e due transetti laterali, uno a destra e uno a sinistra. Descrizione Nella cappella di destra accanto all&#8217;altare \u00e8 conservata una &#8220;Madonna del Rosario&#8221; attribuita [&hellip;]<\/p>\n","protected":false},"author":15,"featured_media":7828,"comment_status":"closed","ping_status":"closed","sticky":false,"template":"","format":"standard","meta":[],"categories":[46],"tags":[152],"acf":[],"yoast_head":"<!-- This site is optimized with the Yoast SEO plugin v18.3 - https:\/\/yoast.com\/wordpress\/plugins\/seo\/ -->\n<title>Chiesa di Santa Maria Assunta - Valdera Toscana<\/title>\n<meta name=\"description\" content=\"La chiesa plebana di Santa Maria Assunta, che nel suo stato attuale \u00e8 da ascriversi al XIX secolo, risulta documentata dall&#039;840, restaurata nel 1553\" \/>\n<meta name=\"robots\" content=\"index, follow, max-snippet:-1, max-image-preview:large, max-video-preview:-1\" \/>\n<link rel=\"canonical\" href=\"https:\/\/www.valderatoscana.it\/en\/chiesa-santa-maria-assunta\/\" \/>\n<meta property=\"og:locale\" content=\"en_US\" \/>\n<meta property=\"og:type\" content=\"article\" \/>\n<meta property=\"og:title\" content=\"Chiesa di Santa Maria Assunta - Valdera Toscana\" \/>\n<meta property=\"og:description\" content=\"La chiesa plebana di Santa Maria Assunta, che nel suo stato attuale \u00e8 da ascriversi al XIX secolo, risulta documentata dall&#039;840, restaurata nel 1553\" \/>\n<meta property=\"og:url\" content=\"https:\/\/www.valderatoscana.it\/en\/chiesa-santa-maria-assunta\/\" \/>\n<meta property=\"og:site_name\" content=\"Valdera Toscana\" \/>\n<meta property=\"article:published_time\" content=\"2017-05-11T11:40:54+00:00\" \/>\n<meta property=\"article:modified_time\" content=\"2017-05-16T13:08:22+00:00\" \/>\n<meta property=\"og:image\" content=\"https:\/\/www.valderatoscana.it\/wp-content\/uploads\/2017\/05\/1280px-CascianaTermeChiesaDiSantaMariaAssunta.jpg\" \/>\n\t<meta property=\"og:image:width\" content=\"1280\" \/>\n\t<meta property=\"og:image:height\" content=\"853\" \/>\n\t<meta property=\"og:image:type\" content=\"image\/jpeg\" \/>\n<meta name=\"twitter:card\" content=\"summary\" \/>\n<meta name=\"twitter:label1\" content=\"Written by\" \/>\n\t<meta name=\"twitter:data1\" content=\"AdminAim AdminAim\" \/>\n\t<meta name=\"twitter:label2\" content=\"Est. reading time\" \/>\n\t<meta name=\"twitter:data2\" content=\"1 minute\" \/>\n<script type=\"application\/ld+json\" class=\"yoast-schema-graph\">{\"@context\":\"https:\/\/schema.org\",\"@graph\":[{\"@type\":\"WebSite\",\"@id\":\"https:\/\/www.valderatoscana.it\/#website\",\"url\":\"https:\/\/www.valderatoscana.it\/\",\"name\":\"Valdera Toscana\",\"description\":\"Buon vivere e Innovazione\",\"potentialAction\":[{\"@type\":\"SearchAction\",\"target\":{\"@type\":\"EntryPoint\",\"urlTemplate\":\"https:\/\/www.valderatoscana.it\/?s={search_term_string}\"},\"query-input\":\"required name=search_term_string\"}],\"inLanguage\":\"en-US\"},{\"@type\":\"ImageObject\",\"@id\":\"https:\/\/www.valderatoscana.it\/en\/chiesa-santa-maria-assunta\/#primaryimage\",\"inLanguage\":\"en-US\",\"url\":\"https:\/\/www.valderatoscana.it\/wp-content\/uploads\/2017\/05\/1280px-CascianaTermeChiesaDiSantaMariaAssunta.jpg\",\"contentUrl\":\"https:\/\/www.valderatoscana.it\/wp-content\/uploads\/2017\/05\/1280px-CascianaTermeChiesaDiSantaMariaAssunta.jpg\",\"width\":1280,\"height\":853},{\"@type\":\"WebPage\",\"@id\":\"https:\/\/www.valderatoscana.it\/en\/chiesa-santa-maria-assunta\/#webpage\",\"url\":\"https:\/\/www.valderatoscana.it\/en\/chiesa-santa-maria-assunta\/\",\"name\":\"Chiesa di Santa Maria Assunta - Valdera Toscana\",\"isPartOf\":{\"@id\":\"https:\/\/www.valderatoscana.it\/#website\"},\"primaryImageOfPage\":{\"@id\":\"https:\/\/www.valderatoscana.it\/en\/chiesa-santa-maria-assunta\/#primaryimage\"},\"datePublished\":\"2017-05-11T11:40:54+00:00\",\"dateModified\":\"2017-05-16T13:08:22+00:00\",\"author\":{\"@id\":\"https:\/\/www.valderatoscana.it\/#\/schema\/person\/b1832d970cdecdbff1f41c89a28b4aae\"},\"description\":\"La chiesa plebana di Santa Maria Assunta, che nel suo stato attuale \u00e8 da ascriversi al XIX secolo, risulta documentata dall'840, restaurata nel 1553\",\"breadcrumb\":{\"@id\":\"https:\/\/www.valderatoscana.it\/en\/chiesa-santa-maria-assunta\/#breadcrumb\"},\"inLanguage\":\"en-US\",\"potentialAction\":[{\"@type\":\"ReadAction\",\"target\":[\"https:\/\/www.valderatoscana.it\/en\/chiesa-santa-maria-assunta\/\"]}]},{\"@type\":\"BreadcrumbList\",\"@id\":\"https:\/\/www.valderatoscana.it\/en\/chiesa-santa-maria-assunta\/#breadcrumb\",\"itemListElement\":[{\"@type\":\"ListItem\",\"position\":1,\"name\":\"Home\",\"item\":\"https:\/\/www.valderatoscana.it\/\"},{\"@type\":\"ListItem\",\"position\":2,\"name\":\"Chiesa di Santa Maria Assunta\"}]},{\"@type\":\"Person\",\"@id\":\"https:\/\/www.valderatoscana.it\/#\/schema\/person\/b1832d970cdecdbff1f41c89a28b4aae\",\"name\":\"AdminAim AdminAim\",\"image\":{\"@type\":\"ImageObject\",\"@id\":\"https:\/\/www.valderatoscana.it\/#personlogo\",\"inLanguage\":\"en-US\",\"url\":\"https:\/\/secure.gravatar.com\/avatar\/9c2d1996d56f35f1b3ed5fa0620eb5df?s=96&d=mm&r=g\",\"contentUrl\":\"https:\/\/secure.gravatar.com\/avatar\/9c2d1996d56f35f1b3ed5fa0620eb5df?s=96&d=mm&r=g\",\"caption\":\"AdminAim AdminAim\"},\"sameAs\":[\"http:\/\/J]T?SvgzR1E?wl6ixm(7=ja%5D!uX\"],\"url\":\"https:\/\/www.valderatoscana.it\/en\/author\/adminaim\/\"}]}<\/script>\n<!-- \/ Yoast SEO plugin. -->","yoast_head_json":{"title":"Chiesa di Santa Maria Assunta - Valdera Toscana","description":"La chiesa plebana di Santa Maria Assunta, che nel suo stato attuale \u00e8 da ascriversi al XIX secolo, risulta documentata dall'840, restaurata nel 1553","robots":{"index":"index","follow":"follow","max-snippet":"max-snippet:-1","max-image-preview":"max-image-preview:large","max-video-preview":"max-video-preview:-1"},"canonical":"https:\/\/www.valderatoscana.it\/en\/chiesa-santa-maria-assunta\/","og_locale":"en_US","og_type":"article","og_title":"Chiesa di Santa Maria Assunta - Valdera Toscana","og_description":"La chiesa plebana di Santa Maria Assunta, che nel suo stato attuale \u00e8 da ascriversi al XIX secolo, risulta documentata dall'840, restaurata nel 1553","og_url":"https:\/\/www.valderatoscana.it\/en\/chiesa-santa-maria-assunta\/","og_site_name":"Valdera Toscana","article_published_time":"2017-05-11T11:40:54+00:00","article_modified_time":"2017-05-16T13:08:22+00:00","og_image":[{"width":1280,"height":853,"url":"https:\/\/www.valderatoscana.it\/wp-content\/uploads\/2017\/05\/1280px-CascianaTermeChiesaDiSantaMariaAssunta.jpg","type":"image\/jpeg"}],"twitter_card":"summary","twitter_misc":{"Written by":"AdminAim AdminAim","Est. reading time":"1 minute"},"schema":{"@context":"https:\/\/schema.org","@graph":[{"@type":"WebSite","@id":"https:\/\/www.valderatoscana.it\/#website","url":"https:\/\/www.valderatoscana.it\/","name":"Valdera Toscana","description":"Buon vivere e Innovazione","potentialAction":[{"@type":"SearchAction","target":{"@type":"EntryPoint","urlTemplate":"https:\/\/www.valderatoscana.it\/?s={search_term_string}"},"query-input":"required name=search_term_string"}],"inLanguage":"en-US"},{"@type":"ImageObject","@id":"https:\/\/www.valderatoscana.it\/en\/chiesa-santa-maria-assunta\/#primaryimage","inLanguage":"en-US","url":"https:\/\/www.valderatoscana.it\/wp-content\/uploads\/2017\/05\/1280px-CascianaTermeChiesaDiSantaMariaAssunta.jpg","contentUrl":"https:\/\/www.valderatoscana.it\/wp-content\/uploads\/2017\/05\/1280px-CascianaTermeChiesaDiSantaMariaAssunta.jpg","width":1280,"height":853},{"@type":"WebPage","@id":"https:\/\/www.valderatoscana.it\/en\/chiesa-santa-maria-assunta\/#webpage","url":"https:\/\/www.valderatoscana.it\/en\/chiesa-santa-maria-assunta\/","name":"Chiesa di Santa Maria Assunta - Valdera Toscana","isPartOf":{"@id":"https:\/\/www.valderatoscana.it\/#website"},"primaryImageOfPage":{"@id":"https:\/\/www.valderatoscana.it\/en\/chiesa-santa-maria-assunta\/#primaryimage"},"datePublished":"2017-05-11T11:40:54+00:00","dateModified":"2017-05-16T13:08:22+00:00","author":{"@id":"https:\/\/www.valderatoscana.it\/#\/schema\/person\/b1832d970cdecdbff1f41c89a28b4aae"},"description":"La chiesa plebana di Santa Maria Assunta, che nel suo stato attuale \u00e8 da ascriversi al XIX secolo, risulta documentata dall'840, restaurata nel 1553","breadcrumb":{"@id":"https:\/\/www.valderatoscana.it\/en\/chiesa-santa-maria-assunta\/#breadcrumb"},"inLanguage":"en-US","potentialAction":[{"@type":"ReadAction","target":["https:\/\/www.valderatoscana.it\/en\/chiesa-santa-maria-assunta\/"]}]},{"@type":"BreadcrumbList","@id":"https:\/\/www.valderatoscana.it\/en\/chiesa-santa-maria-assunta\/#breadcrumb","itemListElement":[{"@type":"ListItem","position":1,"name":"Home","item":"https:\/\/www.valderatoscana.it\/"},{"@type":"ListItem","position":2,"name":"Chiesa di Santa Maria Assunta"}]},{"@type":"Person","@id":"https:\/\/www.valderatoscana.it\/#\/schema\/person\/b1832d970cdecdbff1f41c89a28b4aae","name":"AdminAim AdminAim","image":{"@type":"ImageObject","@id":"https:\/\/www.valderatoscana.it\/#personlogo","inLanguage":"en-US","url":"https:\/\/secure.gravatar.com\/avatar\/9c2d1996d56f35f1b3ed5fa0620eb5df?s=96&d=mm&r=g","contentUrl":"https:\/\/secure.gravatar.com\/avatar\/9c2d1996d56f35f1b3ed5fa0620eb5df?s=96&d=mm&r=g","caption":"AdminAim AdminAim"},"sameAs":["http:\/\/J]T?SvgzR1E?wl6ixm(7=ja%5D!uX"],"url":"https:\/\/www.valderatoscana.it\/en\/author\/adminaim\/"}]}},"_links":{"self":[{"href":"https:\/\/www.valderatoscana.it\/en\/wp-json\/wp\/v2\/posts\/5566"}],"collection":[{"href":"https:\/\/www.valderatoscana.it\/en\/wp-json\/wp\/v2\/posts"}],"about":[{"href":"https:\/\/www.valderatoscana.it\/en\/wp-json\/wp\/v2\/types\/post"}],"author":[{"embeddable":true,"href":"https:\/\/www.valderatoscana.it\/en\/wp-json\/wp\/v2\/users\/15"}],"replies":[{"embeddable":true,"href":"https:\/\/www.valderatoscana.it\/en\/wp-json\/wp\/v2\/comments?post=5566"}],"version-history":[{"count":2,"href":"https:\/\/www.valderatoscana.it\/en\/wp-json\/wp\/v2\/posts\/5566\/revisions"}],"predecessor-version":[{"id":5650,"href":"https:\/\/www.valderatoscana.it\/en\/wp-json\/wp\/v2\/posts\/5566\/revisions\/5650"}],"wp:featuredmedia":[{"embeddable":true,"href":"https:\/\/www.valderatoscana.it\/en\/wp-json\/wp\/v2\/media\/7828"}],"wp:attachment":[{"href":"https:\/\/www.valderatoscana.it\/en\/wp-json\/wp\/v2\/media?parent=5566"}],"wp:term":[{"taxonomy":"category","embeddable":true,"href":"https:\/\/www.valderatoscana.it\/en\/wp-json\/wp\/v2\/categories?post=5566"},{"taxonomy":"post_tag","embeddable":true,"href":"https:\/\/www.valderatoscana.it\/en\/wp-json\/wp\/v2\/tags?post=5566"}],"curies":[{"name":"wp","href":"https:\/\/api.w.org\/{rel}","templated":true}]}}